{"id":686,"date":"2013-04-04T17:21:11","date_gmt":"2013-04-04T17:21:11","guid":{"rendered":"http:\/\/eccometa.com.br\/2016\/?p=686"},"modified":"2013-04-04T17:21:11","modified_gmt":"2013-04-04T17:21:11","slug":"sub-17-definidas-as-chaves-e-inicio-da-competicao","status":"publish","type":"post","link":"http:\/\/eccometa.com.br\/2016\/?p=686","title":{"rendered":"SUB 17 &#8211; DEFINIDAS AS CHAVES E INICIO DA COMPETI\u00c7\u00c3O"},"content":{"rendered":"<p><span style=\"font-size: 7.5pt; line-height: 115%;\">Aconteceu na noite de ontem, 02\/04, no Restaurante Karac\u00e1, em Coronel Freitas, com a coordena\u00e7\u00e3o da Liga Coronelfreitense de Futebol, o Arbitral do Campeonato Catarinense de Futebol de Base &#8211; Fase Oeste. Participaram representantes dos clubes participantes e na oportunidade foi definida a a forma de disputa nas categorias Sub 15 e Sub 17. A edi\u00e7\u00e3o 2013 da competi\u00e7\u00e3o que ter\u00e1 in\u00edcio no dia 18\/05\/2013, ampliou o n\u00famero de clubes participantes, s\u00e3o agora 12 equipes em ambas as categorias, representando os munic\u00edpios de Abelardo Luz, Conc\u00f3rdia, Seara, Capinzal, Chapec\u00f3, S\u00e3o Miguel do Oeste, Xanxer\u00ea, Joa\u00e7aba, Xaxim, Itapiranga, Palmitos e Maravilha. A competi\u00e7\u00e3o para as categorias Sub 11 e Sub 13 ter\u00e3o in\u00edcio em meados do segundo semestre do ano e as inscri\u00e7\u00f5es ainda podem ser feitas. Confira a composi\u00e7\u00e3o das Chaves para as categorias Sub 15 e Sub 17.<\/span><\/p>\n<p class=\"MsoNormal\" style=\"text-align: center;\"><img loading=\"lazy\" decoding=\"async\" class=\" size-full wp-image-685\" src=\"http:\/\/eccometa.com.br\/2016\/wp-content\/uploads\/2013\/04\/sub-17_tabela%20sub-17.jpg\" border=\"0\" width=\"559\" height=\"275\" \/><\/p>\n","protected":false},"excerpt":{"rendered":"<p>Aconteceu na noite de ontem, 02\/04, no Restaurante Karac\u00e1, em Coronel Freitas, com a coordena\u00e7\u00e3o da Liga Coronelfreitense de Futebol, o Arbitral do Campeonato Catarinense de Futebol de Base &#8211; Fase Oeste. Participaram representantes dos clubes participantes e na oportunidade foi definida a a forma de disputa nas categorias Sub 15 e Sub 17. A [&hellip;]<\/p>\n","protected":false},"author":4,"featured_media":685,"comment_status":"closed","ping_status":"closed","sticky":false,"template":"","format":"standard","meta":{"footnotes":""},"categories":[8],"tags":[],"class_list":["post-686","post","type-post","status-publish","format-standard","has-post-thumbnail","category-ultimas"],"yoast_head":"<!-- This site is optimized with the Yoast SEO plugin v28.3 - https:\/\/yoast.com\/product\/yoast-seo-wordpress\/ -->\n<title>SUB 17 - DEFINIDAS AS CHAVES E INICIO DA COMPETI\u00c7\u00c3O &#8226; Esporte Clube Cometa<\/title>\n<meta name=\"robots\" content=\"index, follow, max-snippet:-1, max-image-preview:large, max-video-preview:-1\" \/>\n<link rel=\"canonical\" href=\"http:\/\/eccometa.com.br\/2016\/?p=686\" \/>\n<meta property=\"og:locale\" content=\"pt_BR\" \/>\n<meta property=\"og:type\" content=\"article\" \/>\n<meta property=\"og:title\" content=\"SUB 17 - DEFINIDAS AS CHAVES E INICIO DA COMPETI\u00c7\u00c3O &#8226; Esporte Clube Cometa\" \/>\n<meta property=\"og:description\" content=\"Aconteceu na noite de ontem, 02\/04, no Restaurante Karac\u00e1, em Coronel Freitas, com a coordena\u00e7\u00e3o da Liga Coronelfreitense de Futebol, o Arbitral do Campeonato Catarinense de Futebol de Base &#8211; Fase Oeste. Participaram representantes dos clubes participantes e na oportunidade foi definida a a forma de disputa nas categorias Sub 15 e Sub 17. A [&hellip;]\" \/>\n<meta property=\"og:url\" content=\"http:\/\/eccometa.com.br\/2016\/?p=686\" \/>\n<meta property=\"og:site_name\" content=\"Esporte Clube Cometa\" \/>\n<meta property=\"article:publisher\" content=\"https:\/\/www.facebook.com\/esporteclubecometa\/\" \/>\n<meta property=\"article:published_time\" content=\"2013-04-04T17:21:11+00:00\" \/>\n<meta property=\"og:image\" content=\"http:\/\/eccometa.com.br\/2016\/wp-content\/uploads\/2013\/04\/sub-17_tabela%20sub-17.jpg\" \/>\n\t<meta property=\"og:image:width\" content=\"559\" \/>\n\t<meta property=\"og:image:height\" content=\"275\" \/>\n\t<meta property=\"og:image:type\" content=\"image\/jpeg\" \/>\n<meta name=\"author\" content=\"Vanderlei\" \/>\n<meta name=\"twitter:card\" content=\"summary_large_image\" \/>\n<meta name=\"twitter:label1\" content=\"Escrito por\" \/>\n\t<meta name=\"twitter:data1\" content=\"Vanderlei\" \/>\n\t<meta name=\"twitter:label2\" content=\"Est. tempo de leitura\" \/>\n\t<meta name=\"twitter:data2\" content=\"1 minuto\" \/>\n<script type=\"application\/ld+json\" class=\"yoast-schema-graph\">{\"@context\":\"https:\\\/\\\/schema.org\",\"@graph\":[{\"@type\":\"Article\",\"@id\":\"http:\\\/\\\/eccometa.com.br\\\/2016\\\/?p=686#article\",\"isPartOf\":{\"@id\":\"http:\\\/\\\/eccometa.com.br\\\/2016\\\/?p=686\"},\"author\":{\"name\":\"Vanderlei\",\"@id\":\"http:\\\/\\\/eccometa.com.br\\\/2016\\\/#\\\/schema\\\/person\\\/c175d7443d4a81a29d56fa6c350ac728\"},\"headline\":\"SUB 17 &#8211; DEFINIDAS AS CHAVES E INICIO DA COMPETI\u00c7\u00c3O\",\"datePublished\":\"2013-04-04T17:21:11+00:00\",\"mainEntityOfPage\":{\"@id\":\"http:\\\/\\\/eccometa.com.br\\\/2016\\\/?p=686\"},\"wordCount\":154,\"image\":{\"@id\":\"http:\\\/\\\/eccometa.com.br\\\/2016\\\/?p=686#primaryimage\"},\"thumbnailUrl\":\"http:\\\/\\\/eccometa.com.br\\\/2016\\\/wp-content\\\/uploads\\\/2013\\\/04\\\/sub-17_tabela sub-17.jpg\",\"articleSection\":[\"\u00daltimas not\u00edcias\"],\"inLanguage\":\"pt-BR\"},{\"@type\":\"WebPage\",\"@id\":\"http:\\\/\\\/eccometa.com.br\\\/2016\\\/?p=686\",\"url\":\"http:\\\/\\\/eccometa.com.br\\\/2016\\\/?p=686\",\"name\":\"SUB 17 - DEFINIDAS AS CHAVES E INICIO DA COMPETI\u00c7\u00c3O &#8226; Esporte Clube Cometa\",\"isPartOf\":{\"@id\":\"http:\\\/\\\/eccometa.com.br\\\/2016\\\/#website\"},\"primaryImageOfPage\":{\"@id\":\"http:\\\/\\\/eccometa.com.br\\\/2016\\\/?p=686#primaryimage\"},\"image\":{\"@id\":\"http:\\\/\\\/eccometa.com.br\\\/2016\\\/?p=686#primaryimage\"},\"thumbnailUrl\":\"http:\\\/\\\/eccometa.com.br\\\/2016\\\/wp-content\\\/uploads\\\/2013\\\/04\\\/sub-17_tabela sub-17.jpg\",\"datePublished\":\"2013-04-04T17:21:11+00:00\",\"author\":{\"@id\":\"http:\\\/\\\/eccometa.com.br\\\/2016\\\/#\\\/schema\\\/person\\\/c175d7443d4a81a29d56fa6c350ac728\"},\"breadcrumb\":{\"@id\":\"http:\\\/\\\/eccometa.com.br\\\/2016\\\/?p=686#breadcrumb\"},\"inLanguage\":\"pt-BR\",\"potentialAction\":[{\"@type\":\"ReadAction\",\"target\":[\"http:\\\/\\\/eccometa.com.br\\\/2016\\\/?p=686\"]}]},{\"@type\":\"ImageObject\",\"inLanguage\":\"pt-BR\",\"@id\":\"http:\\\/\\\/eccometa.com.br\\\/2016\\\/?p=686#primaryimage\",\"url\":\"http:\\\/\\\/eccometa.com.br\\\/2016\\\/wp-content\\\/uploads\\\/2013\\\/04\\\/sub-17_tabela sub-17.jpg\",\"contentUrl\":\"http:\\\/\\\/eccometa.com.br\\\/2016\\\/wp-content\\\/uploads\\\/2013\\\/04\\\/sub-17_tabela sub-17.jpg\",\"width\":559,\"height\":275},{\"@type\":\"BreadcrumbList\",\"@id\":\"http:\\\/\\\/eccometa.com.br\\\/2016\\\/?p=686#breadcrumb\",\"itemListElement\":[{\"@type\":\"ListItem\",\"position\":1,\"name\":\"In\u00edcio\",\"item\":\"http:\\\/\\\/eccometa.com.br\\\/2016\\\/\"},{\"@type\":\"ListItem\",\"position\":2,\"name\":\"SUB 17 &#8211; DEFINIDAS AS CHAVES E INICIO DA COMPETI\u00c7\u00c3O\"}]},{\"@type\":\"WebSite\",\"@id\":\"http:\\\/\\\/eccometa.com.br\\\/2016\\\/#website\",\"url\":\"http:\\\/\\\/eccometa.com.br\\\/2016\\\/\",\"name\":\"Esporte Clube Cometa\",\"description\":\"Este clube tem hist\u00f3ria\",\"potentialAction\":[{\"@type\":\"SearchAction\",\"target\":{\"@type\":\"EntryPoint\",\"urlTemplate\":\"http:\\\/\\\/eccometa.com.br\\\/2016\\\/?s={search_term_string}\"},\"query-input\":{\"@type\":\"PropertyValueSpecification\",\"valueRequired\":true,\"valueName\":\"search_term_string\"}}],\"inLanguage\":\"pt-BR\"},{\"@type\":\"Person\",\"@id\":\"http:\\\/\\\/eccometa.com.br\\\/2016\\\/#\\\/schema\\\/person\\\/c175d7443d4a81a29d56fa6c350ac728\",\"name\":\"Vanderlei\",\"image\":{\"@type\":\"ImageObject\",\"inLanguage\":\"pt-BR\",\"@id\":\"https:\\\/\\\/secure.gravatar.com\\\/avatar\\\/388e3cb16e1175f88af40583f36255aaffd647cd4329936dceb9a05a3c407629?s=96&d=mm&r=g\",\"url\":\"https:\\\/\\\/secure.gravatar.com\\\/avatar\\\/388e3cb16e1175f88af40583f36255aaffd647cd4329936dceb9a05a3c407629?s=96&d=mm&r=g\",\"contentUrl\":\"https:\\\/\\\/secure.gravatar.com\\\/avatar\\\/388e3cb16e1175f88af40583f36255aaffd647cd4329936dceb9a05a3c407629?s=96&d=mm&r=g\",\"caption\":\"Vanderlei\"},\"sameAs\":[\"https:\\\/\\\/www.facebook.com\\\/vanderlei.locks\"],\"url\":\"http:\\\/\\\/eccometa.com.br\\\/2016\\\/?author=4\"}]}<\/script>\n<!-- \/ Yoast SEO plugin. -->","yoast_head_json":{"title":"SUB 17 - DEFINIDAS AS CHAVES E INICIO DA COMPETI\u00c7\u00c3O &#8226; Esporte Clube Cometa","robots":{"index":"index","follow":"follow","max-snippet":"max-snippet:-1","max-image-preview":"max-image-preview:large","max-video-preview":"max-video-preview:-1"},"canonical":"http:\/\/eccometa.com.br\/2016\/?p=686","og_locale":"pt_BR","og_type":"article","og_title":"SUB 17 - DEFINIDAS AS CHAVES E INICIO DA COMPETI\u00c7\u00c3O &#8226; Esporte Clube Cometa","og_description":"Aconteceu na noite de ontem, 02\/04, no Restaurante Karac\u00e1, em Coronel Freitas, com a coordena\u00e7\u00e3o da Liga Coronelfreitense de Futebol, o Arbitral do Campeonato Catarinense de Futebol de Base &#8211; Fase Oeste. Participaram representantes dos clubes participantes e na oportunidade foi definida a a forma de disputa nas categorias Sub 15 e Sub 17. A [&hellip;]","og_url":"http:\/\/eccometa.com.br\/2016\/?p=686","og_site_name":"Esporte Clube Cometa","article_publisher":"https:\/\/www.facebook.com\/esporteclubecometa\/","article_published_time":"2013-04-04T17:21:11+00:00","og_image":[{"width":559,"height":275,"url":"http:\/\/eccometa.com.br\/2016\/wp-content\/uploads\/2013\/04\/sub-17_tabela sub-17.jpg","type":"image\/jpeg"}],"author":"Vanderlei","twitter_card":"summary_large_image","twitter_misc":{"Escrito por":"Vanderlei","Est. tempo de leitura":"1 minuto"},"schema":{"@context":"https:\/\/schema.org","@graph":[{"@type":"Article","@id":"http:\/\/eccometa.com.br\/2016\/?p=686#article","isPartOf":{"@id":"http:\/\/eccometa.com.br\/2016\/?p=686"},"author":{"name":"Vanderlei","@id":"http:\/\/eccometa.com.br\/2016\/#\/schema\/person\/c175d7443d4a81a29d56fa6c350ac728"},"headline":"SUB 17 &#8211; DEFINIDAS AS CHAVES E INICIO DA COMPETI\u00c7\u00c3O","datePublished":"2013-04-04T17:21:11+00:00","mainEntityOfPage":{"@id":"http:\/\/eccometa.com.br\/2016\/?p=686"},"wordCount":154,"image":{"@id":"http:\/\/eccometa.com.br\/2016\/?p=686#primaryimage"},"thumbnailUrl":"http:\/\/eccometa.com.br\/2016\/wp-content\/uploads\/2013\/04\/sub-17_tabela sub-17.jpg","articleSection":["\u00daltimas not\u00edcias"],"inLanguage":"pt-BR"},{"@type":"WebPage","@id":"http:\/\/eccometa.com.br\/2016\/?p=686","url":"http:\/\/eccometa.com.br\/2016\/?p=686","name":"SUB 17 - DEFINIDAS AS CHAVES E INICIO DA COMPETI\u00c7\u00c3O &#8226; Esporte Clube Cometa","isPartOf":{"@id":"http:\/\/eccometa.com.br\/2016\/#website"},"primaryImageOfPage":{"@id":"http:\/\/eccometa.com.br\/2016\/?p=686#primaryimage"},"image":{"@id":"http:\/\/eccometa.com.br\/2016\/?p=686#primaryimage"},"thumbnailUrl":"http:\/\/eccometa.com.br\/2016\/wp-content\/uploads\/2013\/04\/sub-17_tabela sub-17.jpg","datePublished":"2013-04-04T17:21:11+00:00","author":{"@id":"http:\/\/eccometa.com.br\/2016\/#\/schema\/person\/c175d7443d4a81a29d56fa6c350ac728"},"breadcrumb":{"@id":"http:\/\/eccometa.com.br\/2016\/?p=686#breadcrumb"},"inLanguage":"pt-BR","potentialAction":[{"@type":"ReadAction","target":["http:\/\/eccometa.com.br\/2016\/?p=686"]}]},{"@type":"ImageObject","inLanguage":"pt-BR","@id":"http:\/\/eccometa.com.br\/2016\/?p=686#primaryimage","url":"http:\/\/eccometa.com.br\/2016\/wp-content\/uploads\/2013\/04\/sub-17_tabela sub-17.jpg","contentUrl":"http:\/\/eccometa.com.br\/2016\/wp-content\/uploads\/2013\/04\/sub-17_tabela sub-17.jpg","width":559,"height":275},{"@type":"BreadcrumbList","@id":"http:\/\/eccometa.com.br\/2016\/?p=686#breadcrumb","itemListElement":[{"@type":"ListItem","position":1,"name":"In\u00edcio","item":"http:\/\/eccometa.com.br\/2016\/"},{"@type":"ListItem","position":2,"name":"SUB 17 &#8211; DEFINIDAS AS CHAVES E INICIO DA COMPETI\u00c7\u00c3O"}]},{"@type":"WebSite","@id":"http:\/\/eccometa.com.br\/2016\/#website","url":"http:\/\/eccometa.com.br\/2016\/","name":"Esporte Clube Cometa","description":"Este clube tem hist\u00f3ria","potentialAction":[{"@type":"SearchAction","target":{"@type":"EntryPoint","urlTemplate":"http:\/\/eccometa.com.br\/2016\/?s={search_term_string}"},"query-input":{"@type":"PropertyValueSpecification","valueRequired":true,"valueName":"search_term_string"}}],"inLanguage":"pt-BR"},{"@type":"Person","@id":"http:\/\/eccometa.com.br\/2016\/#\/schema\/person\/c175d7443d4a81a29d56fa6c350ac728","name":"Vanderlei","image":{"@type":"ImageObject","inLanguage":"pt-BR","@id":"https:\/\/secure.gravatar.com\/avatar\/388e3cb16e1175f88af40583f36255aaffd647cd4329936dceb9a05a3c407629?s=96&d=mm&r=g","url":"https:\/\/secure.gravatar.com\/avatar\/388e3cb16e1175f88af40583f36255aaffd647cd4329936dceb9a05a3c407629?s=96&d=mm&r=g","contentUrl":"https:\/\/secure.gravatar.com\/avatar\/388e3cb16e1175f88af40583f36255aaffd647cd4329936dceb9a05a3c407629?s=96&d=mm&r=g","caption":"Vanderlei"},"sameAs":["https:\/\/www.facebook.com\/vanderlei.locks"],"url":"http:\/\/eccometa.com.br\/2016\/?author=4"}]}},"_links":{"self":[{"href":"http:\/\/eccometa.com.br\/2016\/index.php?rest_route=\/wp\/v2\/posts\/686","targetHints":{"allow":["GET"]}}],"collection":[{"href":"http:\/\/eccometa.com.br\/2016\/index.php?rest_route=\/wp\/v2\/posts"}],"about":[{"href":"http:\/\/eccometa.com.br\/2016\/index.php?rest_route=\/wp\/v2\/types\/post"}],"author":[{"embeddable":true,"href":"http:\/\/eccometa.com.br\/2016\/index.php?rest_route=\/wp\/v2\/users\/4"}],"replies":[{"embeddable":true,"href":"http:\/\/eccometa.com.br\/2016\/index.php?rest_route=%2Fwp%2Fv2%2Fcomments&post=686"}],"version-history":[{"count":0,"href":"http:\/\/eccometa.com.br\/2016\/index.php?rest_route=\/wp\/v2\/posts\/686\/revisions"}],"wp:featuredmedia":[{"embeddable":true,"href":"http:\/\/eccometa.com.br\/2016\/index.php?rest_route=\/wp\/v2\/media\/685"}],"wp:attachment":[{"href":"http:\/\/eccometa.com.br\/2016\/index.php?rest_route=%2Fwp%2Fv2%2Fmedia&parent=686"}],"wp:term":[{"taxonomy":"category","embeddable":true,"href":"http:\/\/eccometa.com.br\/2016\/index.php?rest_route=%2Fwp%2Fv2%2Fcategories&post=686"},{"taxonomy":"post_tag","embeddable":true,"href":"http:\/\/eccometa.com.br\/2016\/index.php?rest_route=%2Fwp%2Fv2%2Ftags&post=686"}],"curies":[{"name":"wp","href":"https:\/\/api.w.org\/{rel}","templated":true}]}}