{"id":620,"date":"2013-06-21T18:52:02","date_gmt":"2013-06-21T18:52:02","guid":{"rendered":"http:\/\/eccometa.com.br\/2016\/?p=620"},"modified":"2013-06-21T18:52:02","modified_gmt":"2013-06-21T18:52:02","slug":"relacao-de-atletas-para-confronto-eccometa-x-guarany","status":"publish","type":"post","link":"http:\/\/eccometa.com.br\/2016\/?p=620","title":{"rendered":"RELACAO DE ATLETAS PARA CONFRONTO: E.C.COMETA x GUARANY"},"content":{"rendered":"<p class=\"MsoNormal\" style=\"text-align: center;\"><span class=\"usercontent\">COMISS\u00c3O T\u00c9CNICA DO ESPORTE CLUBE COMETA DIVULGA ATLETAS RELACIONADOS <\/span><\/p>\n<p class=\"MsoNormal\" style=\"text-align: center;\"><span class=\"usercontent\">PARA O JOGO DE DOMINGO NA MONTANHA \u00c0S \u00a015:00 HORAS, GUARANI x E.C.COMETA <\/span><\/p>\n<p class=\"MsoNormal\" style=\"text-align: center;\">1\u00a0\u00a0 \u00a0Acirio Afonso Kunzler\u00a0\u00a0 \u00a0\u00a0\u00a0 \u00a0BOCA<br \/>2\u00a0\u00a0 \u00a0Alexandro Reichert\u00a0\u00a0 \u00a0\u00a0\u00a0 \u00a0SANDRO<br \/>3\u00a0\u00a0 \u00a0Cristiano Leismann\u00a0\u00a0 \u00a0\u00a0\u00a0 \u00a0CRIS<br \/>4\u00a0\u00a0 \u00a0Elicarlos Zampieron\u00a0\u00a0 \u00a0\u00a0\u00a0 \u00a0ELICARLOS<br \/>5\u00a0\u00a0 \u00a0Geovan Roberto Fank\u00a0\u00a0 \u00a0\u00a0\u00a0 \u00a0GEOVAN<br \/>6\u00a0\u00a0 \u00a0Jair Marcio Mueller\u00a0\u00a0 \u00a0\u00a0\u00a0 \u00a0JAIR<br \/>7\u00a0\u00a0 \u00a0Jean Carlos Fank\u00a0\u00a0 \u00a0\u00a0\u00a0 \u00a0JEAN<br \/>8\u00a0\u00a0 \u00a0Joel Carlos Walker\u00a0\u00a0 \u00a0\u00a0\u00a0 \u00a0CHUVI<br \/>9\u00a0\u00a0 \u00a0Jose Gilvane Lauer\u00a0\u00a0 \u00a0\u00a0\u00a0 \u00a0DIVA<br \/>10\u00a0\u00a0 \u00a0Kurt Leo Jung Junior\u00a0\u00a0 \u00a0\u00a0\u00a0 \u00a0KURT<br \/>11\u00a0\u00a0 \u00a0Lirio Artenio Kunzler\u00a0\u00a0 \u00a0\u00a0\u00a0 \u00a0LIRIO<br \/>12\u00a0\u00a0 \u00a0Marcelo Mulbeier\u00a0\u00a0 \u00a0\u00a0\u00a0 \u00a0MARCELO<br \/>13\u00a0\u00a0 \u00a0Rodinei Gugel\u00a0\u00a0 \u00a0\u00a0\u00a0 \u00a0\u00a0\u00a0 \u00a0GUGEL<br \/>14\u00a0\u00a0 \u00a0Tarcisio Ermindo Kunzler\u00a0\u00a0 \u00a0TARCISIO<br \/>15\u00a0\u00a0 \u00a0Thiago Augusto Scalon\u00a0\u00a0 \u00a0\u00a0\u00a0 \u00a0THIAGO<br \/>16\u00a0\u00a0 \u00a0Vitor Engel\u00a0\u00a0 \u00a0\u00a0\u00a0 \u00a0\u00a0\u00a0 \u00a0VITOR<br \/>17\u00a0\u00a0 \u00a0William Hoff\u00a0\u00a0 \u00a0\u00a0\u00a0 \u00a0\u00a0\u00a0 \u00a0WILLI<\/p>\n<p class=\"MsoNormal\" style=\"text-align: center;\"><span class=\"textexposedshow\">T\u00e9cnico: WILSON SCHNEIDERS<\/span><\/p>\n","protected":false},"excerpt":{"rendered":"<p>COMISS\u00c3O T\u00c9CNICA DO ESPORTE CLUBE COMETA DIVULGA ATLETAS RELACIONADOS PARA O JOGO DE DOMINGO NA MONTANHA \u00c0S \u00a015:00 HORAS, GUARANI x E.C.COMETA 1\u00a0\u00a0 \u00a0Acirio Afonso Kunzler\u00a0\u00a0 \u00a0\u00a0\u00a0 \u00a0BOCA2\u00a0\u00a0 \u00a0Alexandro Reichert\u00a0\u00a0 \u00a0\u00a0\u00a0 \u00a0SANDRO3\u00a0\u00a0 \u00a0Cristiano Leismann\u00a0\u00a0 \u00a0\u00a0\u00a0 \u00a0CRIS4\u00a0\u00a0 \u00a0Elicarlos Zampieron\u00a0\u00a0 \u00a0\u00a0\u00a0 \u00a0ELICARLOS5\u00a0\u00a0 \u00a0Geovan Roberto Fank\u00a0\u00a0 \u00a0\u00a0\u00a0 \u00a0GEOVAN6\u00a0\u00a0 \u00a0Jair Marcio Mueller\u00a0\u00a0 \u00a0\u00a0\u00a0 \u00a0JAIR7\u00a0\u00a0 \u00a0Jean Carlos Fank\u00a0\u00a0 \u00a0\u00a0\u00a0 \u00a0JEAN8\u00a0\u00a0 [&hellip;]<\/p>\n","protected":false},"author":4,"featured_media":0,"comment_status":"closed","ping_status":"closed","sticky":false,"template":"","format":"standard","meta":{"footnotes":""},"categories":[8],"tags":[],"class_list":["post-620","post","type-post","status-publish","format-standard","category-ultimas"],"yoast_head":"<!-- This site is optimized with the Yoast SEO plugin v28.3 - https:\/\/yoast.com\/product\/yoast-seo-wordpress\/ -->\n<title>RELACAO DE ATLETAS PARA CONFRONTO: E.C.COMETA x GUARANY &#8226; Esporte Clube Cometa<\/title>\n<meta name=\"robots\" content=\"index, follow, max-snippet:-1, max-image-preview:large, max-video-preview:-1\" \/>\n<link rel=\"canonical\" href=\"https:\/\/eccometa.com.br\/2016\/?p=620\" \/>\n<meta property=\"og:locale\" content=\"pt_BR\" \/>\n<meta property=\"og:type\" content=\"article\" \/>\n<meta property=\"og:title\" content=\"RELACAO DE ATLETAS PARA CONFRONTO: E.C.COMETA x GUARANY &#8226; Esporte Clube Cometa\" \/>\n<meta property=\"og:description\" content=\"COMISS\u00c3O T\u00c9CNICA DO ESPORTE CLUBE COMETA DIVULGA ATLETAS RELACIONADOS PARA O JOGO DE DOMINGO NA MONTANHA \u00c0S \u00a015:00 HORAS, GUARANI x E.C.COMETA 1\u00a0\u00a0 \u00a0Acirio Afonso Kunzler\u00a0\u00a0 \u00a0\u00a0\u00a0 \u00a0BOCA2\u00a0\u00a0 \u00a0Alexandro Reichert\u00a0\u00a0 \u00a0\u00a0\u00a0 \u00a0SANDRO3\u00a0\u00a0 \u00a0Cristiano Leismann\u00a0\u00a0 \u00a0\u00a0\u00a0 \u00a0CRIS4\u00a0\u00a0 \u00a0Elicarlos Zampieron\u00a0\u00a0 \u00a0\u00a0\u00a0 \u00a0ELICARLOS5\u00a0\u00a0 \u00a0Geovan Roberto Fank\u00a0\u00a0 \u00a0\u00a0\u00a0 \u00a0GEOVAN6\u00a0\u00a0 \u00a0Jair Marcio Mueller\u00a0\u00a0 \u00a0\u00a0\u00a0 \u00a0JAIR7\u00a0\u00a0 \u00a0Jean Carlos Fank\u00a0\u00a0 \u00a0\u00a0\u00a0 \u00a0JEAN8\u00a0\u00a0 [&hellip;]\" \/>\n<meta property=\"og:url\" content=\"https:\/\/eccometa.com.br\/2016\/?p=620\" \/>\n<meta property=\"og:site_name\" content=\"Esporte Clube Cometa\" \/>\n<meta property=\"article:publisher\" content=\"https:\/\/www.facebook.com\/esporteclubecometa\/\" \/>\n<meta property=\"article:published_time\" content=\"2013-06-21T18:52:02+00:00\" \/>\n<meta name=\"author\" content=\"Vanderlei\" \/>\n<meta name=\"twitter:card\" content=\"summary_large_image\" \/>\n<meta name=\"twitter:label1\" content=\"Escrito por\" \/>\n\t<meta name=\"twitter:data1\" content=\"Vanderlei\" \/>\n<script type=\"application\/ld+json\" class=\"yoast-schema-graph\">{\"@context\":\"https:\\\/\\\/schema.org\",\"@graph\":[{\"@type\":\"Article\",\"@id\":\"https:\\\/\\\/eccometa.com.br\\\/2016\\\/?p=620#article\",\"isPartOf\":{\"@id\":\"https:\\\/\\\/eccometa.com.br\\\/2016\\\/?p=620\"},\"author\":{\"name\":\"Vanderlei\",\"@id\":\"http:\\\/\\\/eccometa.com.br\\\/2016\\\/#\\\/schema\\\/person\\\/c175d7443d4a81a29d56fa6c350ac728\"},\"headline\":\"RELACAO DE ATLETAS PARA CONFRONTO: E.C.COMETA x GUARANY\",\"datePublished\":\"2013-06-21T18:52:02+00:00\",\"mainEntityOfPage\":{\"@id\":\"https:\\\/\\\/eccometa.com.br\\\/2016\\\/?p=620\"},\"wordCount\":101,\"articleSection\":[\"\u00daltimas not\u00edcias\"],\"inLanguage\":\"pt-BR\"},{\"@type\":\"WebPage\",\"@id\":\"https:\\\/\\\/eccometa.com.br\\\/2016\\\/?p=620\",\"url\":\"https:\\\/\\\/eccometa.com.br\\\/2016\\\/?p=620\",\"name\":\"RELACAO DE ATLETAS PARA CONFRONTO: E.C.COMETA x GUARANY &#8226; Esporte Clube Cometa\",\"isPartOf\":{\"@id\":\"http:\\\/\\\/eccometa.com.br\\\/2016\\\/#website\"},\"datePublished\":\"2013-06-21T18:52:02+00:00\",\"author\":{\"@id\":\"http:\\\/\\\/eccometa.com.br\\\/2016\\\/#\\\/schema\\\/person\\\/c175d7443d4a81a29d56fa6c350ac728\"},\"breadcrumb\":{\"@id\":\"https:\\\/\\\/eccometa.com.br\\\/2016\\\/?p=620#breadcrumb\"},\"inLanguage\":\"pt-BR\",\"potentialAction\":[{\"@type\":\"ReadAction\",\"target\":[\"https:\\\/\\\/eccometa.com.br\\\/2016\\\/?p=620\"]}]},{\"@type\":\"BreadcrumbList\",\"@id\":\"https:\\\/\\\/eccometa.com.br\\\/2016\\\/?p=620#breadcrumb\",\"itemListElement\":[{\"@type\":\"ListItem\",\"position\":1,\"name\":\"In\u00edcio\",\"item\":\"http:\\\/\\\/eccometa.com.br\\\/2016\\\/\"},{\"@type\":\"ListItem\",\"position\":2,\"name\":\"RELACAO DE ATLETAS PARA CONFRONTO: E.C.COMETA x GUARANY\"}]},{\"@type\":\"WebSite\",\"@id\":\"http:\\\/\\\/eccometa.com.br\\\/2016\\\/#website\",\"url\":\"http:\\\/\\\/eccometa.com.br\\\/2016\\\/\",\"name\":\"Esporte Clube Cometa\",\"description\":\"Este clube tem hist\u00f3ria\",\"potentialAction\":[{\"@type\":\"SearchAction\",\"target\":{\"@type\":\"EntryPoint\",\"urlTemplate\":\"http:\\\/\\\/eccometa.com.br\\\/2016\\\/?s={search_term_string}\"},\"query-input\":{\"@type\":\"PropertyValueSpecification\",\"valueRequired\":true,\"valueName\":\"search_term_string\"}}],\"inLanguage\":\"pt-BR\"},{\"@type\":\"Person\",\"@id\":\"http:\\\/\\\/eccometa.com.br\\\/2016\\\/#\\\/schema\\\/person\\\/c175d7443d4a81a29d56fa6c350ac728\",\"name\":\"Vanderlei\",\"image\":{\"@type\":\"ImageObject\",\"inLanguage\":\"pt-BR\",\"@id\":\"https:\\\/\\\/secure.gravatar.com\\\/avatar\\\/388e3cb16e1175f88af40583f36255aaffd647cd4329936dceb9a05a3c407629?s=96&d=mm&r=g\",\"url\":\"https:\\\/\\\/secure.gravatar.com\\\/avatar\\\/388e3cb16e1175f88af40583f36255aaffd647cd4329936dceb9a05a3c407629?s=96&d=mm&r=g\",\"contentUrl\":\"https:\\\/\\\/secure.gravatar.com\\\/avatar\\\/388e3cb16e1175f88af40583f36255aaffd647cd4329936dceb9a05a3c407629?s=96&d=mm&r=g\",\"caption\":\"Vanderlei\"},\"sameAs\":[\"https:\\\/\\\/www.facebook.com\\\/vanderlei.locks\"],\"url\":\"http:\\\/\\\/eccometa.com.br\\\/2016\\\/?author=4\"}]}<\/script>\n<!-- \/ Yoast SEO plugin. -->","yoast_head_json":{"title":"RELACAO DE ATLETAS PARA CONFRONTO: E.C.COMETA x GUARANY &#8226; Esporte Clube Cometa","robots":{"index":"index","follow":"follow","max-snippet":"max-snippet:-1","max-image-preview":"max-image-preview:large","max-video-preview":"max-video-preview:-1"},"canonical":"https:\/\/eccometa.com.br\/2016\/?p=620","og_locale":"pt_BR","og_type":"article","og_title":"RELACAO DE ATLETAS PARA CONFRONTO: E.C.COMETA x GUARANY &#8226; Esporte Clube Cometa","og_description":"COMISS\u00c3O T\u00c9CNICA DO ESPORTE CLUBE COMETA DIVULGA ATLETAS RELACIONADOS PARA O JOGO DE DOMINGO NA MONTANHA \u00c0S \u00a015:00 HORAS, GUARANI x E.C.COMETA 1\u00a0\u00a0 \u00a0Acirio Afonso Kunzler\u00a0\u00a0 \u00a0\u00a0\u00a0 \u00a0BOCA2\u00a0\u00a0 \u00a0Alexandro Reichert\u00a0\u00a0 \u00a0\u00a0\u00a0 \u00a0SANDRO3\u00a0\u00a0 \u00a0Cristiano Leismann\u00a0\u00a0 \u00a0\u00a0\u00a0 \u00a0CRIS4\u00a0\u00a0 \u00a0Elicarlos Zampieron\u00a0\u00a0 \u00a0\u00a0\u00a0 \u00a0ELICARLOS5\u00a0\u00a0 \u00a0Geovan Roberto Fank\u00a0\u00a0 \u00a0\u00a0\u00a0 \u00a0GEOVAN6\u00a0\u00a0 \u00a0Jair Marcio Mueller\u00a0\u00a0 \u00a0\u00a0\u00a0 \u00a0JAIR7\u00a0\u00a0 \u00a0Jean Carlos Fank\u00a0\u00a0 \u00a0\u00a0\u00a0 \u00a0JEAN8\u00a0\u00a0 [&hellip;]","og_url":"https:\/\/eccometa.com.br\/2016\/?p=620","og_site_name":"Esporte Clube Cometa","article_publisher":"https:\/\/www.facebook.com\/esporteclubecometa\/","article_published_time":"2013-06-21T18:52:02+00:00","author":"Vanderlei","twitter_card":"summary_large_image","twitter_misc":{"Escrito por":"Vanderlei"},"schema":{"@context":"https:\/\/schema.org","@graph":[{"@type":"Article","@id":"https:\/\/eccometa.com.br\/2016\/?p=620#article","isPartOf":{"@id":"https:\/\/eccometa.com.br\/2016\/?p=620"},"author":{"name":"Vanderlei","@id":"http:\/\/eccometa.com.br\/2016\/#\/schema\/person\/c175d7443d4a81a29d56fa6c350ac728"},"headline":"RELACAO DE ATLETAS PARA CONFRONTO: E.C.COMETA x GUARANY","datePublished":"2013-06-21T18:52:02+00:00","mainEntityOfPage":{"@id":"https:\/\/eccometa.com.br\/2016\/?p=620"},"wordCount":101,"articleSection":["\u00daltimas not\u00edcias"],"inLanguage":"pt-BR"},{"@type":"WebPage","@id":"https:\/\/eccometa.com.br\/2016\/?p=620","url":"https:\/\/eccometa.com.br\/2016\/?p=620","name":"RELACAO DE ATLETAS PARA CONFRONTO: E.C.COMETA x GUARANY &#8226; Esporte Clube Cometa","isPartOf":{"@id":"http:\/\/eccometa.com.br\/2016\/#website"},"datePublished":"2013-06-21T18:52:02+00:00","author":{"@id":"http:\/\/eccometa.com.br\/2016\/#\/schema\/person\/c175d7443d4a81a29d56fa6c350ac728"},"breadcrumb":{"@id":"https:\/\/eccometa.com.br\/2016\/?p=620#breadcrumb"},"inLanguage":"pt-BR","potentialAction":[{"@type":"ReadAction","target":["https:\/\/eccometa.com.br\/2016\/?p=620"]}]},{"@type":"BreadcrumbList","@id":"https:\/\/eccometa.com.br\/2016\/?p=620#breadcrumb","itemListElement":[{"@type":"ListItem","position":1,"name":"In\u00edcio","item":"http:\/\/eccometa.com.br\/2016\/"},{"@type":"ListItem","position":2,"name":"RELACAO DE ATLETAS PARA CONFRONTO: E.C.COMETA x GUARANY"}]},{"@type":"WebSite","@id":"http:\/\/eccometa.com.br\/2016\/#website","url":"http:\/\/eccometa.com.br\/2016\/","name":"Esporte Clube Cometa","description":"Este clube tem hist\u00f3ria","potentialAction":[{"@type":"SearchAction","target":{"@type":"EntryPoint","urlTemplate":"http:\/\/eccometa.com.br\/2016\/?s={search_term_string}"},"query-input":{"@type":"PropertyValueSpecification","valueRequired":true,"valueName":"search_term_string"}}],"inLanguage":"pt-BR"},{"@type":"Person","@id":"http:\/\/eccometa.com.br\/2016\/#\/schema\/person\/c175d7443d4a81a29d56fa6c350ac728","name":"Vanderlei","image":{"@type":"ImageObject","inLanguage":"pt-BR","@id":"https:\/\/secure.gravatar.com\/avatar\/388e3cb16e1175f88af40583f36255aaffd647cd4329936dceb9a05a3c407629?s=96&d=mm&r=g","url":"https:\/\/secure.gravatar.com\/avatar\/388e3cb16e1175f88af40583f36255aaffd647cd4329936dceb9a05a3c407629?s=96&d=mm&r=g","contentUrl":"https:\/\/secure.gravatar.com\/avatar\/388e3cb16e1175f88af40583f36255aaffd647cd4329936dceb9a05a3c407629?s=96&d=mm&r=g","caption":"Vanderlei"},"sameAs":["https:\/\/www.facebook.com\/vanderlei.locks"],"url":"http:\/\/eccometa.com.br\/2016\/?author=4"}]}},"_links":{"self":[{"href":"http:\/\/eccometa.com.br\/2016\/index.php?rest_route=\/wp\/v2\/posts\/620","targetHints":{"allow":["GET"]}}],"collection":[{"href":"http:\/\/eccometa.com.br\/2016\/index.php?rest_route=\/wp\/v2\/posts"}],"about":[{"href":"http:\/\/eccometa.com.br\/2016\/index.php?rest_route=\/wp\/v2\/types\/post"}],"author":[{"embeddable":true,"href":"http:\/\/eccometa.com.br\/2016\/index.php?rest_route=\/wp\/v2\/users\/4"}],"replies":[{"embeddable":true,"href":"http:\/\/eccometa.com.br\/2016\/index.php?rest_route=%2Fwp%2Fv2%2Fcomments&post=620"}],"version-history":[{"count":0,"href":"http:\/\/eccometa.com.br\/2016\/index.php?rest_route=\/wp\/v2\/posts\/620\/revisions"}],"wp:attachment":[{"href":"http:\/\/eccometa.com.br\/2016\/index.php?rest_route=%2Fwp%2Fv2%2Fmedia&parent=620"}],"wp:term":[{"taxonomy":"category","embeddable":true,"href":"http:\/\/eccometa.com.br\/2016\/index.php?rest_route=%2Fwp%2Fv2%2Fcategories&post=620"},{"taxonomy":"post_tag","embeddable":true,"href":"http:\/\/eccometa.com.br\/2016\/index.php?rest_route=%2Fwp%2Fv2%2Ftags&post=620"}],"curies":[{"name":"wp","href":"https:\/\/api.w.org\/{rel}","templated":true}]}}