{"id":610,"date":"2012-05-16T12:42:50","date_gmt":"2012-05-16T12:42:50","guid":{"rendered":"http:\/\/eccometa.com.br\/2016\/?p=610"},"modified":"2012-05-16T12:42:50","modified_gmt":"2012-05-16T12:42:50","slug":"treino-no-estadio-da-montanha-4o-feira-1605-as-1900-horas","status":"publish","type":"post","link":"http:\/\/eccometa.com.br\/2016\/?p=610","title":{"rendered":"COMETA REALIZOU JOGO TREINO NESTA QUARTA FEIRA"},"content":{"rendered":"<p style=\"text-align: justify;\">O t\u00e9cnico Rog\u00e9rio Baumgarten comandou na noite desta 4\u00aa feira no est\u00e1dio da montanha um jogo treino visando prepara\u00e7\u00e3o e \u00faltimos ajustes na equipe para o cl\u00e1ssico entre COMETA e Guarani em S\u00e3o Miguel do Oeste no pr\u00f3ximo domingo a partir das 15h30min. De acordo com Gerente de Futebol, Valentim Lauschner, o Cometa ter\u00e1 aus\u00eancia de Tarcisio na lateral por 3\u00ba cart\u00e3o amarelo al\u00e9m da poss\u00edvel aus\u00eancia de outros atletas que dar\u00e3o prioridade para campeonatos municipais. J\u00e1 em compensa\u00e7\u00e3o voltar\u00e1 Jorginho, que estar\u00e1 de volta ao time e far\u00e1 a fun\u00e7\u00e3o do Tarc\u00edsio na lateral direita e a grande noticia da transfer\u00eancia do atleta BILL que est\u00e1 de volta ao Le\u00e3o da Montanha e dispon\u00edvel ao t\u00e9cnico Rog\u00e9rio para enfrentar o Guarani.<\/p>\n<p><img loading=\"lazy\" decoding=\"async\" class=\" size-full wp-image-609\" src=\"http:\/\/eccometa.com.br\/2016\/wp-content\/uploads\/2012\/05\/2012_treino%20cometa.jpg\" border=\"0\" width=\"900\" height=\"764\" \/><\/p>\n","protected":false},"excerpt":{"rendered":"<p>O t\u00e9cnico Rog\u00e9rio Baumgarten comandou na noite desta 4\u00aa feira no est\u00e1dio da montanha um jogo treino visando prepara\u00e7\u00e3o e \u00faltimos ajustes na equipe para o cl\u00e1ssico entre COMETA e Guarani em S\u00e3o Miguel do Oeste no pr\u00f3ximo domingo a partir das 15h30min. De acordo com Gerente de Futebol, Valentim Lauschner, o Cometa ter\u00e1 aus\u00eancia [&hellip;]<\/p>\n","protected":false},"author":4,"featured_media":609,"comment_status":"closed","ping_status":"closed","sticky":false,"template":"","format":"standard","meta":{"footnotes":""},"categories":[8],"tags":[],"class_list":["post-610","post","type-post","status-publish","format-standard","has-post-thumbnail","category-ultimas"],"yoast_head":"<!-- This site is optimized with the Yoast SEO plugin v28.3 - https:\/\/yoast.com\/product\/yoast-seo-wordpress\/ -->\n<title>COMETA REALIZOU JOGO TREINO NESTA QUARTA FEIRA &#8226; Esporte Clube Cometa<\/title>\n<meta name=\"robots\" content=\"index, follow, max-snippet:-1, max-image-preview:large, max-video-preview:-1\" \/>\n<link rel=\"canonical\" href=\"http:\/\/eccometa.com.br\/2016\/?p=610\" \/>\n<meta property=\"og:locale\" content=\"pt_BR\" \/>\n<meta property=\"og:type\" content=\"article\" \/>\n<meta property=\"og:title\" content=\"COMETA REALIZOU JOGO TREINO NESTA QUARTA FEIRA &#8226; Esporte Clube Cometa\" \/>\n<meta property=\"og:description\" content=\"O t\u00e9cnico Rog\u00e9rio Baumgarten comandou na noite desta 4\u00aa feira no est\u00e1dio da montanha um jogo treino visando prepara\u00e7\u00e3o e \u00faltimos ajustes na equipe para o cl\u00e1ssico entre COMETA e Guarani em S\u00e3o Miguel do Oeste no pr\u00f3ximo domingo a partir das 15h30min. De acordo com Gerente de Futebol, Valentim Lauschner, o Cometa ter\u00e1 aus\u00eancia [&hellip;]\" \/>\n<meta property=\"og:url\" content=\"http:\/\/eccometa.com.br\/2016\/?p=610\" \/>\n<meta property=\"og:site_name\" content=\"Esporte Clube Cometa\" \/>\n<meta property=\"article:publisher\" content=\"https:\/\/www.facebook.com\/esporteclubecometa\/\" \/>\n<meta property=\"article:published_time\" content=\"2012-05-16T12:42:50+00:00\" \/>\n<meta property=\"og:image\" content=\"http:\/\/eccometa.com.br\/2016\/wp-content\/uploads\/2012\/05\/2012_treino%20cometa.jpg\" \/>\n\t<meta property=\"og:image:width\" content=\"900\" \/>\n\t<meta property=\"og:image:height\" content=\"764\" \/>\n\t<meta property=\"og:image:type\" content=\"image\/jpeg\" \/>\n<meta name=\"author\" content=\"Vanderlei\" \/>\n<meta name=\"twitter:card\" content=\"summary_large_image\" \/>\n<meta name=\"twitter:label1\" content=\"Escrito por\" \/>\n\t<meta name=\"twitter:data1\" content=\"Vanderlei\" \/>\n\t<meta name=\"twitter:label2\" content=\"Est. tempo de leitura\" \/>\n\t<meta name=\"twitter:data2\" content=\"1 minuto\" \/>\n<script type=\"application\/ld+json\" class=\"yoast-schema-graph\">{\"@context\":\"https:\\\/\\\/schema.org\",\"@graph\":[{\"@type\":\"Article\",\"@id\":\"http:\\\/\\\/eccometa.com.br\\\/2016\\\/?p=610#article\",\"isPartOf\":{\"@id\":\"http:\\\/\\\/eccometa.com.br\\\/2016\\\/?p=610\"},\"author\":{\"name\":\"Vanderlei\",\"@id\":\"http:\\\/\\\/eccometa.com.br\\\/2016\\\/#\\\/schema\\\/person\\\/c175d7443d4a81a29d56fa6c350ac728\"},\"headline\":\"COMETA REALIZOU JOGO TREINO NESTA QUARTA FEIRA\",\"datePublished\":\"2012-05-16T12:42:50+00:00\",\"mainEntityOfPage\":{\"@id\":\"http:\\\/\\\/eccometa.com.br\\\/2016\\\/?p=610\"},\"wordCount\":149,\"image\":{\"@id\":\"http:\\\/\\\/eccometa.com.br\\\/2016\\\/?p=610#primaryimage\"},\"thumbnailUrl\":\"http:\\\/\\\/eccometa.com.br\\\/2016\\\/wp-content\\\/uploads\\\/2012\\\/05\\\/2012_treino cometa.jpg\",\"articleSection\":[\"\u00daltimas not\u00edcias\"],\"inLanguage\":\"pt-BR\"},{\"@type\":\"WebPage\",\"@id\":\"http:\\\/\\\/eccometa.com.br\\\/2016\\\/?p=610\",\"url\":\"http:\\\/\\\/eccometa.com.br\\\/2016\\\/?p=610\",\"name\":\"COMETA REALIZOU JOGO TREINO NESTA QUARTA FEIRA &#8226; Esporte Clube Cometa\",\"isPartOf\":{\"@id\":\"http:\\\/\\\/eccometa.com.br\\\/2016\\\/#website\"},\"primaryImageOfPage\":{\"@id\":\"http:\\\/\\\/eccometa.com.br\\\/2016\\\/?p=610#primaryimage\"},\"image\":{\"@id\":\"http:\\\/\\\/eccometa.com.br\\\/2016\\\/?p=610#primaryimage\"},\"thumbnailUrl\":\"http:\\\/\\\/eccometa.com.br\\\/2016\\\/wp-content\\\/uploads\\\/2012\\\/05\\\/2012_treino cometa.jpg\",\"datePublished\":\"2012-05-16T12:42:50+00:00\",\"author\":{\"@id\":\"http:\\\/\\\/eccometa.com.br\\\/2016\\\/#\\\/schema\\\/person\\\/c175d7443d4a81a29d56fa6c350ac728\"},\"breadcrumb\":{\"@id\":\"http:\\\/\\\/eccometa.com.br\\\/2016\\\/?p=610#breadcrumb\"},\"inLanguage\":\"pt-BR\",\"potentialAction\":[{\"@type\":\"ReadAction\",\"target\":[\"http:\\\/\\\/eccometa.com.br\\\/2016\\\/?p=610\"]}]},{\"@type\":\"ImageObject\",\"inLanguage\":\"pt-BR\",\"@id\":\"http:\\\/\\\/eccometa.com.br\\\/2016\\\/?p=610#primaryimage\",\"url\":\"http:\\\/\\\/eccometa.com.br\\\/2016\\\/wp-content\\\/uploads\\\/2012\\\/05\\\/2012_treino cometa.jpg\",\"contentUrl\":\"http:\\\/\\\/eccometa.com.br\\\/2016\\\/wp-content\\\/uploads\\\/2012\\\/05\\\/2012_treino cometa.jpg\",\"width\":900,\"height\":764},{\"@type\":\"BreadcrumbList\",\"@id\":\"http:\\\/\\\/eccometa.com.br\\\/2016\\\/?p=610#breadcrumb\",\"itemListElement\":[{\"@type\":\"ListItem\",\"position\":1,\"name\":\"In\u00edcio\",\"item\":\"http:\\\/\\\/eccometa.com.br\\\/2016\\\/\"},{\"@type\":\"ListItem\",\"position\":2,\"name\":\"COMETA REALIZOU JOGO TREINO NESTA QUARTA FEIRA\"}]},{\"@type\":\"WebSite\",\"@id\":\"http:\\\/\\\/eccometa.com.br\\\/2016\\\/#website\",\"url\":\"http:\\\/\\\/eccometa.com.br\\\/2016\\\/\",\"name\":\"Esporte Clube Cometa\",\"description\":\"Este clube tem hist\u00f3ria\",\"potentialAction\":[{\"@type\":\"SearchAction\",\"target\":{\"@type\":\"EntryPoint\",\"urlTemplate\":\"http:\\\/\\\/eccometa.com.br\\\/2016\\\/?s={search_term_string}\"},\"query-input\":{\"@type\":\"PropertyValueSpecification\",\"valueRequired\":true,\"valueName\":\"search_term_string\"}}],\"inLanguage\":\"pt-BR\"},{\"@type\":\"Person\",\"@id\":\"http:\\\/\\\/eccometa.com.br\\\/2016\\\/#\\\/schema\\\/person\\\/c175d7443d4a81a29d56fa6c350ac728\",\"name\":\"Vanderlei\",\"image\":{\"@type\":\"ImageObject\",\"inLanguage\":\"pt-BR\",\"@id\":\"https:\\\/\\\/secure.gravatar.com\\\/avatar\\\/388e3cb16e1175f88af40583f36255aaffd647cd4329936dceb9a05a3c407629?s=96&d=mm&r=g\",\"url\":\"https:\\\/\\\/secure.gravatar.com\\\/avatar\\\/388e3cb16e1175f88af40583f36255aaffd647cd4329936dceb9a05a3c407629?s=96&d=mm&r=g\",\"contentUrl\":\"https:\\\/\\\/secure.gravatar.com\\\/avatar\\\/388e3cb16e1175f88af40583f36255aaffd647cd4329936dceb9a05a3c407629?s=96&d=mm&r=g\",\"caption\":\"Vanderlei\"},\"sameAs\":[\"https:\\\/\\\/www.facebook.com\\\/vanderlei.locks\"],\"url\":\"http:\\\/\\\/eccometa.com.br\\\/2016\\\/?author=4\"}]}<\/script>\n<!-- \/ Yoast SEO plugin. -->","yoast_head_json":{"title":"COMETA REALIZOU JOGO TREINO NESTA QUARTA FEIRA &#8226; Esporte Clube Cometa","robots":{"index":"index","follow":"follow","max-snippet":"max-snippet:-1","max-image-preview":"max-image-preview:large","max-video-preview":"max-video-preview:-1"},"canonical":"http:\/\/eccometa.com.br\/2016\/?p=610","og_locale":"pt_BR","og_type":"article","og_title":"COMETA REALIZOU JOGO TREINO NESTA QUARTA FEIRA &#8226; Esporte Clube Cometa","og_description":"O t\u00e9cnico Rog\u00e9rio Baumgarten comandou na noite desta 4\u00aa feira no est\u00e1dio da montanha um jogo treino visando prepara\u00e7\u00e3o e \u00faltimos ajustes na equipe para o cl\u00e1ssico entre COMETA e Guarani em S\u00e3o Miguel do Oeste no pr\u00f3ximo domingo a partir das 15h30min. De acordo com Gerente de Futebol, Valentim Lauschner, o Cometa ter\u00e1 aus\u00eancia [&hellip;]","og_url":"http:\/\/eccometa.com.br\/2016\/?p=610","og_site_name":"Esporte Clube Cometa","article_publisher":"https:\/\/www.facebook.com\/esporteclubecometa\/","article_published_time":"2012-05-16T12:42:50+00:00","og_image":[{"width":900,"height":764,"url":"http:\/\/eccometa.com.br\/2016\/wp-content\/uploads\/2012\/05\/2012_treino cometa.jpg","type":"image\/jpeg"}],"author":"Vanderlei","twitter_card":"summary_large_image","twitter_misc":{"Escrito por":"Vanderlei","Est. tempo de leitura":"1 minuto"},"schema":{"@context":"https:\/\/schema.org","@graph":[{"@type":"Article","@id":"http:\/\/eccometa.com.br\/2016\/?p=610#article","isPartOf":{"@id":"http:\/\/eccometa.com.br\/2016\/?p=610"},"author":{"name":"Vanderlei","@id":"http:\/\/eccometa.com.br\/2016\/#\/schema\/person\/c175d7443d4a81a29d56fa6c350ac728"},"headline":"COMETA REALIZOU JOGO TREINO NESTA QUARTA FEIRA","datePublished":"2012-05-16T12:42:50+00:00","mainEntityOfPage":{"@id":"http:\/\/eccometa.com.br\/2016\/?p=610"},"wordCount":149,"image":{"@id":"http:\/\/eccometa.com.br\/2016\/?p=610#primaryimage"},"thumbnailUrl":"http:\/\/eccometa.com.br\/2016\/wp-content\/uploads\/2012\/05\/2012_treino cometa.jpg","articleSection":["\u00daltimas not\u00edcias"],"inLanguage":"pt-BR"},{"@type":"WebPage","@id":"http:\/\/eccometa.com.br\/2016\/?p=610","url":"http:\/\/eccometa.com.br\/2016\/?p=610","name":"COMETA REALIZOU JOGO TREINO NESTA QUARTA FEIRA &#8226; Esporte Clube Cometa","isPartOf":{"@id":"http:\/\/eccometa.com.br\/2016\/#website"},"primaryImageOfPage":{"@id":"http:\/\/eccometa.com.br\/2016\/?p=610#primaryimage"},"image":{"@id":"http:\/\/eccometa.com.br\/2016\/?p=610#primaryimage"},"thumbnailUrl":"http:\/\/eccometa.com.br\/2016\/wp-content\/uploads\/2012\/05\/2012_treino cometa.jpg","datePublished":"2012-05-16T12:42:50+00:00","author":{"@id":"http:\/\/eccometa.com.br\/2016\/#\/schema\/person\/c175d7443d4a81a29d56fa6c350ac728"},"breadcrumb":{"@id":"http:\/\/eccometa.com.br\/2016\/?p=610#breadcrumb"},"inLanguage":"pt-BR","potentialAction":[{"@type":"ReadAction","target":["http:\/\/eccometa.com.br\/2016\/?p=610"]}]},{"@type":"ImageObject","inLanguage":"pt-BR","@id":"http:\/\/eccometa.com.br\/2016\/?p=610#primaryimage","url":"http:\/\/eccometa.com.br\/2016\/wp-content\/uploads\/2012\/05\/2012_treino cometa.jpg","contentUrl":"http:\/\/eccometa.com.br\/2016\/wp-content\/uploads\/2012\/05\/2012_treino cometa.jpg","width":900,"height":764},{"@type":"BreadcrumbList","@id":"http:\/\/eccometa.com.br\/2016\/?p=610#breadcrumb","itemListElement":[{"@type":"ListItem","position":1,"name":"In\u00edcio","item":"http:\/\/eccometa.com.br\/2016\/"},{"@type":"ListItem","position":2,"name":"COMETA REALIZOU JOGO TREINO NESTA QUARTA FEIRA"}]},{"@type":"WebSite","@id":"http:\/\/eccometa.com.br\/2016\/#website","url":"http:\/\/eccometa.com.br\/2016\/","name":"Esporte Clube Cometa","description":"Este clube tem hist\u00f3ria","potentialAction":[{"@type":"SearchAction","target":{"@type":"EntryPoint","urlTemplate":"http:\/\/eccometa.com.br\/2016\/?s={search_term_string}"},"query-input":{"@type":"PropertyValueSpecification","valueRequired":true,"valueName":"search_term_string"}}],"inLanguage":"pt-BR"},{"@type":"Person","@id":"http:\/\/eccometa.com.br\/2016\/#\/schema\/person\/c175d7443d4a81a29d56fa6c350ac728","name":"Vanderlei","image":{"@type":"ImageObject","inLanguage":"pt-BR","@id":"https:\/\/secure.gravatar.com\/avatar\/388e3cb16e1175f88af40583f36255aaffd647cd4329936dceb9a05a3c407629?s=96&d=mm&r=g","url":"https:\/\/secure.gravatar.com\/avatar\/388e3cb16e1175f88af40583f36255aaffd647cd4329936dceb9a05a3c407629?s=96&d=mm&r=g","contentUrl":"https:\/\/secure.gravatar.com\/avatar\/388e3cb16e1175f88af40583f36255aaffd647cd4329936dceb9a05a3c407629?s=96&d=mm&r=g","caption":"Vanderlei"},"sameAs":["https:\/\/www.facebook.com\/vanderlei.locks"],"url":"http:\/\/eccometa.com.br\/2016\/?author=4"}]}},"_links":{"self":[{"href":"http:\/\/eccometa.com.br\/2016\/index.php?rest_route=\/wp\/v2\/posts\/610","targetHints":{"allow":["GET"]}}],"collection":[{"href":"http:\/\/eccometa.com.br\/2016\/index.php?rest_route=\/wp\/v2\/posts"}],"about":[{"href":"http:\/\/eccometa.com.br\/2016\/index.php?rest_route=\/wp\/v2\/types\/post"}],"author":[{"embeddable":true,"href":"http:\/\/eccometa.com.br\/2016\/index.php?rest_route=\/wp\/v2\/users\/4"}],"replies":[{"embeddable":true,"href":"http:\/\/eccometa.com.br\/2016\/index.php?rest_route=%2Fwp%2Fv2%2Fcomments&post=610"}],"version-history":[{"count":0,"href":"http:\/\/eccometa.com.br\/2016\/index.php?rest_route=\/wp\/v2\/posts\/610\/revisions"}],"wp:featuredmedia":[{"embeddable":true,"href":"http:\/\/eccometa.com.br\/2016\/index.php?rest_route=\/wp\/v2\/media\/609"}],"wp:attachment":[{"href":"http:\/\/eccometa.com.br\/2016\/index.php?rest_route=%2Fwp%2Fv2%2Fmedia&parent=610"}],"wp:term":[{"taxonomy":"category","embeddable":true,"href":"http:\/\/eccometa.com.br\/2016\/index.php?rest_route=%2Fwp%2Fv2%2Fcategories&post=610"},{"taxonomy":"post_tag","embeddable":true,"href":"http:\/\/eccometa.com.br\/2016\/index.php?rest_route=%2Fwp%2Fv2%2Ftags&post=610"}],"curies":[{"name":"wp","href":"https:\/\/api.w.org\/{rel}","templated":true}]}}