{"id":488,"date":"2012-02-19T00:26:02","date_gmt":"2012-02-19T00:26:02","guid":{"rendered":"http:\/\/eccometa.com.br\/2016\/?p=488"},"modified":"2012-02-19T00:26:02","modified_gmt":"2012-02-19T00:26:02","slug":"grande-festa-na-apresentacao-dos-atletas-para-o-estadual-de-2012","status":"publish","type":"post","link":"http:\/\/eccometa.com.br\/2016\/?p=488","title":{"rendered":"GRANDE FESTA NA APRESENTA\u00c7\u00c3O DOS ATLETAS PARA O ESTADUAL DE 2012"},"content":{"rendered":"<p>ACONTECEU O ULTIMO SABADO DIA 18\/FEV A A APRESENTA\u00c7\u00c3O DE ATLETAS E COMISS\u00c3O TECNICA PARA TEMPORADA 2012. FOI UMA GRANDE FESTA NO EST\u00c1DIO LE\u00c3O DA MONTANHA COM PRESEN\u00c7A DE GRANDE PARTE DOS ATLETAS QUE IR\u00c3O DEFENDER AS CORES DO COMETA NO CAMPEONATO ESTADUAL DE AMADORES 2012.<\/p>\n<p>\u00a0<\/p>\n<p><img loading=\"lazy\" decoding=\"async\" class=\" size-full wp-image-467\" src=\"http:\/\/eccometa.com.br\/2016\/wp-content\/uploads\/2012\/02\/19-02-2012-006.JPG\" border=\"0\" width=\"270\" height=\"180\" \/> <img loading=\"lazy\" decoding=\"async\" class=\" size-full wp-image-468\" src=\"http:\/\/eccometa.com.br\/2016\/wp-content\/uploads\/2012\/02\/2012-atleta-cesar%20moura1.jpg\" border=\"0\" width=\"267\" height=\"200\" \/> <img loading=\"lazy\" decoding=\"async\" class=\" size-full wp-image-469\" src=\"http:\/\/eccometa.com.br\/2016\/wp-content\/uploads\/2012\/02\/19-02-2012%20007.JPG\" border=\"0\" width=\"276\" height=\"188\" \/><\/p>\n<p><img loading=\"lazy\" decoding=\"async\" class=\" size-full wp-image-470\" src=\"http:\/\/eccometa.com.br\/2016\/wp-content\/uploads\/2012\/02\/2012-atleta-della1.jpg\" border=\"0\" width=\"267\" height=\"200\" \/> <img loading=\"lazy\" decoding=\"async\" class=\" size-full wp-image-471\" src=\"http:\/\/eccometa.com.br\/2016\/wp-content\/uploads\/2012\/02\/2012-atleta-dino1.jpg\" border=\"0\" width=\"267\" height=\"200\" \/> <img loading=\"lazy\" decoding=\"async\" class=\" size-full wp-image-472\" src=\"http:\/\/eccometa.com.br\/2016\/wp-content\/uploads\/2012\/02\/2012-atleta-diva1.jpg\" border=\"0\" width=\"267\" height=\"200\" \/><\/p>\n<p><img loading=\"lazy\" decoding=\"async\" class=\" size-full wp-image-473\" src=\"http:\/\/eccometa.com.br\/2016\/wp-content\/uploads\/2012\/02\/2012-atleta-geovan1.jpg\" border=\"0\" width=\"267\" height=\"200\" \/> <img loading=\"lazy\" decoding=\"async\" class=\" size-full wp-image-474\" src=\"http:\/\/eccometa.com.br\/2016\/wp-content\/uploads\/2012\/02\/2012-atleta-ivonei1.jpg\" border=\"0\" width=\"267\" height=\"200\" \/> <img loading=\"lazy\" decoding=\"async\" class=\" size-full wp-image-475\" src=\"http:\/\/eccometa.com.br\/2016\/wp-content\/uploads\/2012\/02\/2012-atleta-jair-muller1.jpg\" border=\"0\" width=\"267\" height=\"200\" \/><\/p>\n<p><img loading=\"lazy\" decoding=\"async\" class=\" size-full wp-image-476\" src=\"http:\/\/eccometa.com.br\/2016\/wp-content\/uploads\/2012\/02\/2012-atleta-jean-fank1.jpg\" border=\"0\" width=\"267\" height=\"200\" \/> <img loading=\"lazy\" decoding=\"async\" class=\" size-full wp-image-477\" src=\"http:\/\/eccometa.com.br\/2016\/wp-content\/uploads\/2012\/02\/2012-atleta-jorginho1.jpg\" border=\"0\" width=\"267\" height=\"200\" \/> <img loading=\"lazy\" decoding=\"async\" class=\" size-full wp-image-478\" src=\"http:\/\/eccometa.com.br\/2016\/wp-content\/uploads\/2012\/02\/2012-atleta-lirio1.jpg\" border=\"0\" width=\"267\" height=\"200\" \/><\/p>\n<p><img loading=\"lazy\" decoding=\"async\" class=\" size-full wp-image-479\" src=\"http:\/\/eccometa.com.br\/2016\/wp-content\/uploads\/2012\/02\/2012-atleta-marcelo1.jpg\" border=\"0\" width=\"267\" height=\"200\" \/> <img loading=\"lazy\" decoding=\"async\" class=\" size-full wp-image-480\" src=\"http:\/\/eccometa.com.br\/2016\/wp-content\/uploads\/2012\/02\/2012-atleta-pedro-paulo1.jpg\" border=\"0\" width=\"267\" height=\"200\" \/> <img loading=\"lazy\" decoding=\"async\" class=\" size-full wp-image-481\" src=\"http:\/\/eccometa.com.br\/2016\/wp-content\/uploads\/2012\/02\/2012-atleta-thiaguinho1.jpg\" border=\"0\" width=\"267\" height=\"200\" \/><\/p>\n<p><img loading=\"lazy\" decoding=\"async\" class=\" size-full wp-image-482\" src=\"http:\/\/eccometa.com.br\/2016\/wp-content\/uploads\/2012\/02\/2012-atleta-willi1.jpg\" border=\"0\" width=\"267\" height=\"200\" \/><img loading=\"lazy\" decoding=\"async\" class=\" size-full wp-image-483\" src=\"http:\/\/eccometa.com.br\/2016\/wp-content\/uploads\/2012\/02\/2012-comissao%20tecnico%20rogerio%20baumgartem1.jpg\" border=\"0\" width=\"267\" height=\"200\" \/> <img loading=\"lazy\" decoding=\"async\" class=\" size-full wp-image-484\" src=\"http:\/\/eccometa.com.br\/2016\/wp-content\/uploads\/2012\/02\/2012-comissao%20assistente%20nelsinho1.jpg\" border=\"0\" width=\"267\" height=\"200\" \/><\/p>\n<p><img loading=\"lazy\" decoding=\"async\" class=\" size-full wp-image-485\" src=\"http:\/\/eccometa.com.br\/2016\/wp-content\/uploads\/2012\/02\/2012-comissao%20diretor%20futebol%20valentim.jpg\" border=\"0\" width=\"267\" height=\"200\" \/><img loading=\"lazy\" decoding=\"async\" class=\" size-full wp-image-486\" src=\"http:\/\/eccometa.com.br\/2016\/wp-content\/uploads\/2012\/02\/2012-comissao%20massagista%20erminio.jpg\" border=\"0\" width=\"267\" height=\"200\" \/> <img loading=\"lazy\" decoding=\"async\" class=\" size-full wp-image-487\" src=\"http:\/\/eccometa.com.br\/2016\/wp-content\/uploads\/2012\/02\/2012-comissao%20presidente%20casquinha.jpg\" border=\"0\" width=\"267\" height=\"200\" \/><\/p>\n","protected":false},"excerpt":{"rendered":"<p>ACONTECEU O ULTIMO SABADO DIA 18\/FEV A A APRESENTA\u00c7\u00c3O DE ATLETAS E COMISS\u00c3O TECNICA PARA TEMPORADA 2012. FOI UMA GRANDE FESTA NO EST\u00c1DIO LE\u00c3O DA MONTANHA COM PRESEN\u00c7A DE GRANDE PARTE DOS ATLETAS QUE IR\u00c3O DEFENDER AS CORES DO COMETA NO CAMPEONATO ESTADUAL DE AMADORES 2012. \u00a0<\/p>\n","protected":false},"author":4,"featured_media":467,"comment_status":"closed","ping_status":"closed","sticky":false,"template":"","format":"standard","meta":{"footnotes":""},"categories":[8],"tags":[],"class_list":["post-488","post","type-post","status-publish","format-standard","has-post-thumbnail","category-ultimas"],"yoast_head":"<!-- This site is optimized with the Yoast SEO plugin v28.3 - https:\/\/yoast.com\/product\/yoast-seo-wordpress\/ -->\n<title>GRANDE FESTA NA APRESENTA\u00c7\u00c3O DOS ATLETAS PARA O ESTADUAL DE 2012 &#8226; Esporte Clube Cometa<\/title>\n<meta name=\"robots\" content=\"index, follow, max-snippet:-1, max-image-preview:large, max-video-preview:-1\" \/>\n<link rel=\"canonical\" href=\"http:\/\/eccometa.com.br\/2016\/?p=488\" \/>\n<meta property=\"og:locale\" content=\"pt_BR\" \/>\n<meta property=\"og:type\" content=\"article\" \/>\n<meta property=\"og:title\" content=\"GRANDE FESTA NA APRESENTA\u00c7\u00c3O DOS ATLETAS PARA O ESTADUAL DE 2012 &#8226; Esporte Clube Cometa\" \/>\n<meta property=\"og:description\" content=\"ACONTECEU O ULTIMO SABADO DIA 18\/FEV A A APRESENTA\u00c7\u00c3O DE ATLETAS E COMISS\u00c3O TECNICA PARA TEMPORADA 2012. FOI UMA GRANDE FESTA NO EST\u00c1DIO LE\u00c3O DA MONTANHA COM PRESEN\u00c7A DE GRANDE PARTE DOS ATLETAS QUE IR\u00c3O DEFENDER AS CORES DO COMETA NO CAMPEONATO ESTADUAL DE AMADORES 2012. \u00a0\" \/>\n<meta property=\"og:url\" content=\"http:\/\/eccometa.com.br\/2016\/?p=488\" \/>\n<meta property=\"og:site_name\" content=\"Esporte Clube Cometa\" \/>\n<meta property=\"article:publisher\" content=\"https:\/\/www.facebook.com\/esporteclubecometa\/\" \/>\n<meta property=\"article:published_time\" content=\"2012-02-19T00:26:02+00:00\" \/>\n<meta property=\"og:image\" content=\"http:\/\/eccometa.com.br\/2016\/wp-content\/uploads\/2012\/02\/19-02-2012-006.JPG\" \/>\n\t<meta property=\"og:image:width\" content=\"270\" \/>\n\t<meta property=\"og:image:height\" content=\"180\" \/>\n\t<meta property=\"og:image:type\" content=\"image\/jpeg\" \/>\n<meta name=\"author\" content=\"Vanderlei\" \/>\n<meta name=\"twitter:card\" content=\"summary_large_image\" \/>\n<meta name=\"twitter:label1\" content=\"Escrito por\" \/>\n\t<meta name=\"twitter:data1\" content=\"Vanderlei\" \/>\n<script type=\"application\/ld+json\" class=\"yoast-schema-graph\">{\"@context\":\"https:\\\/\\\/schema.org\",\"@graph\":[{\"@type\":\"Article\",\"@id\":\"http:\\\/\\\/eccometa.com.br\\\/2016\\\/?p=488#article\",\"isPartOf\":{\"@id\":\"http:\\\/\\\/eccometa.com.br\\\/2016\\\/?p=488\"},\"author\":{\"name\":\"Vanderlei\",\"@id\":\"http:\\\/\\\/eccometa.com.br\\\/2016\\\/#\\\/schema\\\/person\\\/c175d7443d4a81a29d56fa6c350ac728\"},\"headline\":\"GRANDE FESTA NA APRESENTA\u00c7\u00c3O DOS ATLETAS PARA O ESTADUAL DE 2012\",\"datePublished\":\"2012-02-19T00:26:02+00:00\",\"mainEntityOfPage\":{\"@id\":\"http:\\\/\\\/eccometa.com.br\\\/2016\\\/?p=488\"},\"wordCount\":61,\"image\":{\"@id\":\"http:\\\/\\\/eccometa.com.br\\\/2016\\\/?p=488#primaryimage\"},\"thumbnailUrl\":\"http:\\\/\\\/eccometa.com.br\\\/2016\\\/wp-content\\\/uploads\\\/2012\\\/02\\\/19-02-2012-006.JPG\",\"articleSection\":[\"\u00daltimas not\u00edcias\"],\"inLanguage\":\"pt-BR\"},{\"@type\":\"WebPage\",\"@id\":\"http:\\\/\\\/eccometa.com.br\\\/2016\\\/?p=488\",\"url\":\"http:\\\/\\\/eccometa.com.br\\\/2016\\\/?p=488\",\"name\":\"GRANDE FESTA NA APRESENTA\u00c7\u00c3O DOS ATLETAS PARA O ESTADUAL DE 2012 &#8226; Esporte Clube Cometa\",\"isPartOf\":{\"@id\":\"http:\\\/\\\/eccometa.com.br\\\/2016\\\/#website\"},\"primaryImageOfPage\":{\"@id\":\"http:\\\/\\\/eccometa.com.br\\\/2016\\\/?p=488#primaryimage\"},\"image\":{\"@id\":\"http:\\\/\\\/eccometa.com.br\\\/2016\\\/?p=488#primaryimage\"},\"thumbnailUrl\":\"http:\\\/\\\/eccometa.com.br\\\/2016\\\/wp-content\\\/uploads\\\/2012\\\/02\\\/19-02-2012-006.JPG\",\"datePublished\":\"2012-02-19T00:26:02+00:00\",\"author\":{\"@id\":\"http:\\\/\\\/eccometa.com.br\\\/2016\\\/#\\\/schema\\\/person\\\/c175d7443d4a81a29d56fa6c350ac728\"},\"breadcrumb\":{\"@id\":\"http:\\\/\\\/eccometa.com.br\\\/2016\\\/?p=488#breadcrumb\"},\"inLanguage\":\"pt-BR\",\"potentialAction\":[{\"@type\":\"ReadAction\",\"target\":[\"http:\\\/\\\/eccometa.com.br\\\/2016\\\/?p=488\"]}]},{\"@type\":\"ImageObject\",\"inLanguage\":\"pt-BR\",\"@id\":\"http:\\\/\\\/eccometa.com.br\\\/2016\\\/?p=488#primaryimage\",\"url\":\"http:\\\/\\\/eccometa.com.br\\\/2016\\\/wp-content\\\/uploads\\\/2012\\\/02\\\/19-02-2012-006.JPG\",\"contentUrl\":\"http:\\\/\\\/eccometa.com.br\\\/2016\\\/wp-content\\\/uploads\\\/2012\\\/02\\\/19-02-2012-006.JPG\",\"width\":270,\"height\":180},{\"@type\":\"BreadcrumbList\",\"@id\":\"http:\\\/\\\/eccometa.com.br\\\/2016\\\/?p=488#breadcrumb\",\"itemListElement\":[{\"@type\":\"ListItem\",\"position\":1,\"name\":\"In\u00edcio\",\"item\":\"http:\\\/\\\/eccometa.com.br\\\/2016\\\/\"},{\"@type\":\"ListItem\",\"position\":2,\"name\":\"GRANDE FESTA NA APRESENTA\u00c7\u00c3O DOS ATLETAS PARA O ESTADUAL DE 2012\"}]},{\"@type\":\"WebSite\",\"@id\":\"http:\\\/\\\/eccometa.com.br\\\/2016\\\/#website\",\"url\":\"http:\\\/\\\/eccometa.com.br\\\/2016\\\/\",\"name\":\"Esporte Clube Cometa\",\"description\":\"Este clube tem hist\u00f3ria\",\"potentialAction\":[{\"@type\":\"SearchAction\",\"target\":{\"@type\":\"EntryPoint\",\"urlTemplate\":\"http:\\\/\\\/eccometa.com.br\\\/2016\\\/?s={search_term_string}\"},\"query-input\":{\"@type\":\"PropertyValueSpecification\",\"valueRequired\":true,\"valueName\":\"search_term_string\"}}],\"inLanguage\":\"pt-BR\"},{\"@type\":\"Person\",\"@id\":\"http:\\\/\\\/eccometa.com.br\\\/2016\\\/#\\\/schema\\\/person\\\/c175d7443d4a81a29d56fa6c350ac728\",\"name\":\"Vanderlei\",\"image\":{\"@type\":\"ImageObject\",\"inLanguage\":\"pt-BR\",\"@id\":\"https:\\\/\\\/secure.gravatar.com\\\/avatar\\\/388e3cb16e1175f88af40583f36255aaffd647cd4329936dceb9a05a3c407629?s=96&d=mm&r=g\",\"url\":\"https:\\\/\\\/secure.gravatar.com\\\/avatar\\\/388e3cb16e1175f88af40583f36255aaffd647cd4329936dceb9a05a3c407629?s=96&d=mm&r=g\",\"contentUrl\":\"https:\\\/\\\/secure.gravatar.com\\\/avatar\\\/388e3cb16e1175f88af40583f36255aaffd647cd4329936dceb9a05a3c407629?s=96&d=mm&r=g\",\"caption\":\"Vanderlei\"},\"sameAs\":[\"https:\\\/\\\/www.facebook.com\\\/vanderlei.locks\"],\"url\":\"http:\\\/\\\/eccometa.com.br\\\/2016\\\/?author=4\"}]}<\/script>\n<!-- \/ Yoast SEO plugin. -->","yoast_head_json":{"title":"GRANDE FESTA NA APRESENTA\u00c7\u00c3O DOS ATLETAS PARA O ESTADUAL DE 2012 &#8226; Esporte Clube Cometa","robots":{"index":"index","follow":"follow","max-snippet":"max-snippet:-1","max-image-preview":"max-image-preview:large","max-video-preview":"max-video-preview:-1"},"canonical":"http:\/\/eccometa.com.br\/2016\/?p=488","og_locale":"pt_BR","og_type":"article","og_title":"GRANDE FESTA NA APRESENTA\u00c7\u00c3O DOS ATLETAS PARA O ESTADUAL DE 2012 &#8226; Esporte Clube Cometa","og_description":"ACONTECEU O ULTIMO SABADO DIA 18\/FEV A A APRESENTA\u00c7\u00c3O DE ATLETAS E COMISS\u00c3O TECNICA PARA TEMPORADA 2012. FOI UMA GRANDE FESTA NO EST\u00c1DIO LE\u00c3O DA MONTANHA COM PRESEN\u00c7A DE GRANDE PARTE DOS ATLETAS QUE IR\u00c3O DEFENDER AS CORES DO COMETA NO CAMPEONATO ESTADUAL DE AMADORES 2012. \u00a0","og_url":"http:\/\/eccometa.com.br\/2016\/?p=488","og_site_name":"Esporte Clube Cometa","article_publisher":"https:\/\/www.facebook.com\/esporteclubecometa\/","article_published_time":"2012-02-19T00:26:02+00:00","og_image":[{"width":270,"height":180,"url":"http:\/\/eccometa.com.br\/2016\/wp-content\/uploads\/2012\/02\/19-02-2012-006.JPG","type":"image\/jpeg"}],"author":"Vanderlei","twitter_card":"summary_large_image","twitter_misc":{"Escrito por":"Vanderlei"},"schema":{"@context":"https:\/\/schema.org","@graph":[{"@type":"Article","@id":"http:\/\/eccometa.com.br\/2016\/?p=488#article","isPartOf":{"@id":"http:\/\/eccometa.com.br\/2016\/?p=488"},"author":{"name":"Vanderlei","@id":"http:\/\/eccometa.com.br\/2016\/#\/schema\/person\/c175d7443d4a81a29d56fa6c350ac728"},"headline":"GRANDE FESTA NA APRESENTA\u00c7\u00c3O DOS ATLETAS PARA O ESTADUAL DE 2012","datePublished":"2012-02-19T00:26:02+00:00","mainEntityOfPage":{"@id":"http:\/\/eccometa.com.br\/2016\/?p=488"},"wordCount":61,"image":{"@id":"http:\/\/eccometa.com.br\/2016\/?p=488#primaryimage"},"thumbnailUrl":"http:\/\/eccometa.com.br\/2016\/wp-content\/uploads\/2012\/02\/19-02-2012-006.JPG","articleSection":["\u00daltimas not\u00edcias"],"inLanguage":"pt-BR"},{"@type":"WebPage","@id":"http:\/\/eccometa.com.br\/2016\/?p=488","url":"http:\/\/eccometa.com.br\/2016\/?p=488","name":"GRANDE FESTA NA APRESENTA\u00c7\u00c3O DOS ATLETAS PARA O ESTADUAL DE 2012 &#8226; Esporte Clube Cometa","isPartOf":{"@id":"http:\/\/eccometa.com.br\/2016\/#website"},"primaryImageOfPage":{"@id":"http:\/\/eccometa.com.br\/2016\/?p=488#primaryimage"},"image":{"@id":"http:\/\/eccometa.com.br\/2016\/?p=488#primaryimage"},"thumbnailUrl":"http:\/\/eccometa.com.br\/2016\/wp-content\/uploads\/2012\/02\/19-02-2012-006.JPG","datePublished":"2012-02-19T00:26:02+00:00","author":{"@id":"http:\/\/eccometa.com.br\/2016\/#\/schema\/person\/c175d7443d4a81a29d56fa6c350ac728"},"breadcrumb":{"@id":"http:\/\/eccometa.com.br\/2016\/?p=488#breadcrumb"},"inLanguage":"pt-BR","potentialAction":[{"@type":"ReadAction","target":["http:\/\/eccometa.com.br\/2016\/?p=488"]}]},{"@type":"ImageObject","inLanguage":"pt-BR","@id":"http:\/\/eccometa.com.br\/2016\/?p=488#primaryimage","url":"http:\/\/eccometa.com.br\/2016\/wp-content\/uploads\/2012\/02\/19-02-2012-006.JPG","contentUrl":"http:\/\/eccometa.com.br\/2016\/wp-content\/uploads\/2012\/02\/19-02-2012-006.JPG","width":270,"height":180},{"@type":"BreadcrumbList","@id":"http:\/\/eccometa.com.br\/2016\/?p=488#breadcrumb","itemListElement":[{"@type":"ListItem","position":1,"name":"In\u00edcio","item":"http:\/\/eccometa.com.br\/2016\/"},{"@type":"ListItem","position":2,"name":"GRANDE FESTA NA APRESENTA\u00c7\u00c3O DOS ATLETAS PARA O ESTADUAL DE 2012"}]},{"@type":"WebSite","@id":"http:\/\/eccometa.com.br\/2016\/#website","url":"http:\/\/eccometa.com.br\/2016\/","name":"Esporte Clube Cometa","description":"Este clube tem hist\u00f3ria","potentialAction":[{"@type":"SearchAction","target":{"@type":"EntryPoint","urlTemplate":"http:\/\/eccometa.com.br\/2016\/?s={search_term_string}"},"query-input":{"@type":"PropertyValueSpecification","valueRequired":true,"valueName":"search_term_string"}}],"inLanguage":"pt-BR"},{"@type":"Person","@id":"http:\/\/eccometa.com.br\/2016\/#\/schema\/person\/c175d7443d4a81a29d56fa6c350ac728","name":"Vanderlei","image":{"@type":"ImageObject","inLanguage":"pt-BR","@id":"https:\/\/secure.gravatar.com\/avatar\/388e3cb16e1175f88af40583f36255aaffd647cd4329936dceb9a05a3c407629?s=96&d=mm&r=g","url":"https:\/\/secure.gravatar.com\/avatar\/388e3cb16e1175f88af40583f36255aaffd647cd4329936dceb9a05a3c407629?s=96&d=mm&r=g","contentUrl":"https:\/\/secure.gravatar.com\/avatar\/388e3cb16e1175f88af40583f36255aaffd647cd4329936dceb9a05a3c407629?s=96&d=mm&r=g","caption":"Vanderlei"},"sameAs":["https:\/\/www.facebook.com\/vanderlei.locks"],"url":"http:\/\/eccometa.com.br\/2016\/?author=4"}]}},"_links":{"self":[{"href":"http:\/\/eccometa.com.br\/2016\/index.php?rest_route=\/wp\/v2\/posts\/488","targetHints":{"allow":["GET"]}}],"collection":[{"href":"http:\/\/eccometa.com.br\/2016\/index.php?rest_route=\/wp\/v2\/posts"}],"about":[{"href":"http:\/\/eccometa.com.br\/2016\/index.php?rest_route=\/wp\/v2\/types\/post"}],"author":[{"embeddable":true,"href":"http:\/\/eccometa.com.br\/2016\/index.php?rest_route=\/wp\/v2\/users\/4"}],"replies":[{"embeddable":true,"href":"http:\/\/eccometa.com.br\/2016\/index.php?rest_route=%2Fwp%2Fv2%2Fcomments&post=488"}],"version-history":[{"count":0,"href":"http:\/\/eccometa.com.br\/2016\/index.php?rest_route=\/wp\/v2\/posts\/488\/revisions"}],"wp:featuredmedia":[{"embeddable":true,"href":"http:\/\/eccometa.com.br\/2016\/index.php?rest_route=\/wp\/v2\/media\/467"}],"wp:attachment":[{"href":"http:\/\/eccometa.com.br\/2016\/index.php?rest_route=%2Fwp%2Fv2%2Fmedia&parent=488"}],"wp:term":[{"taxonomy":"category","embeddable":true,"href":"http:\/\/eccometa.com.br\/2016\/index.php?rest_route=%2Fwp%2Fv2%2Fcategories&post=488"},{"taxonomy":"post_tag","embeddable":true,"href":"http:\/\/eccometa.com.br\/2016\/index.php?rest_route=%2Fwp%2Fv2%2Ftags&post=488"}],"curies":[{"name":"wp","href":"https:\/\/api.w.org\/{rel}","templated":true}]}}